{"id":11029,"date":"2026-04-30T13:13:23","date_gmt":"2026-04-30T11:13:23","guid":{"rendered":"https:\/\/www.iff-ma.com\/la-delegation-arts-et-metiers-en-visite-a-linstitut\/"},"modified":"2026-04-30T15:56:12","modified_gmt":"2026-04-30T13:56:12","slug":"la-delegation-arts-et-metiers-en-visite-a-linstitut","status":"publish","type":"post","link":"https:\/\/www.iff-ma.com\/en\/la-delegation-arts-et-metiers-en-visite-a-linstitut\/","title":{"rendered":"The &#8220;Arts &amp; M\u00e9tiers&#8221; delegation visits the Institute."},"content":{"rendered":"\n<p>A photo recap of the visit organized on April 28, 2026, as part of the partnership between ONCF, the MTI Cluster, and Arts &amp; M\u00e9tiers Campus Rabat.<\/p>\n\n\n\n<p>Our team was pleased to welcome a joint delegation from Arts &amp; M\u00e9tiers France and Arts &amp; M\u00e9tiers Campus Rabat for an immersive visit to the IFF, marked by enriching discussions about our activities and prospects for cooperation in research, innovation, and skills development.<\/p>\n\n\n\n<p>This meeting holds great promise for strengthening synergies within the railway ecosystem and building future projects together.<\/p>\n\n\n\n<p><\/p>\n\n\n\n<figure class=\"wp-block-image size-large\"><img loading=\"lazy\" decoding=\"async\" width=\"1024\" height=\"768\" src=\"https:\/\/www.iff-ma.com\/wp-content\/uploads\/2026\/04\/WhatsApp-Image-2026-04-29-at-15.52.15-3-1024x768.jpeg\" alt=\"\" class=\"wp-image-11022\" srcset=\"https:\/\/www.iff-ma.com\/wp-content\/uploads\/2026\/04\/WhatsApp-Image-2026-04-29-at-15.52.15-3-1024x768.jpeg 1024w, https:\/\/www.iff-ma.com\/wp-content\/uploads\/2026\/04\/WhatsApp-Image-2026-04-29-at-15.52.15-3-300x225.jpeg 300w, https:\/\/www.iff-ma.com\/wp-content\/uploads\/2026\/04\/WhatsApp-Image-2026-04-29-at-15.52.15-3-768x576.jpeg 768w, https:\/\/www.iff-ma.com\/wp-content\/uploads\/2026\/04\/WhatsApp-Image-2026-04-29-at-15.52.15-3-1536x1152.jpeg 1536w, https:\/\/www.iff-ma.com\/wp-content\/uploads\/2026\/04\/WhatsApp-Image-2026-04-29-at-15.52.15-3-100x75.jpeg 100w, https:\/\/www.iff-ma.com\/wp-content\/uploads\/2026\/04\/WhatsApp-Image-2026-04-29-at-15.52.15-3.jpeg 1600w\" sizes=\"auto, (max-width: 1024px) 100vw, 1024px\" \/><\/figure>\n\n\n\n<figure class=\"wp-block-image size-large\"><img loading=\"lazy\" decoding=\"async\" width=\"1024\" height=\"768\" src=\"https:\/\/www.iff-ma.com\/wp-content\/uploads\/2026\/04\/WhatsApp-Image-2026-04-29-at-15.52.15-1-1024x768.jpeg\" alt=\"\" class=\"wp-image-11018\" srcset=\"https:\/\/www.iff-ma.com\/wp-content\/uploads\/2026\/04\/WhatsApp-Image-2026-04-29-at-15.52.15-1-1024x768.jpeg 1024w, https:\/\/www.iff-ma.com\/wp-content\/uploads\/2026\/04\/WhatsApp-Image-2026-04-29-at-15.52.15-1-300x225.jpeg 300w, https:\/\/www.iff-ma.com\/wp-content\/uploads\/2026\/04\/WhatsApp-Image-2026-04-29-at-15.52.15-1-768x576.jpeg 768w, https:\/\/www.iff-ma.com\/wp-content\/uploads\/2026\/04\/WhatsApp-Image-2026-04-29-at-15.52.15-1-1536x1152.jpeg 1536w, https:\/\/www.iff-ma.com\/wp-content\/uploads\/2026\/04\/WhatsApp-Image-2026-04-29-at-15.52.15-1-100x75.jpeg 100w, https:\/\/www.iff-ma.com\/wp-content\/uploads\/2026\/04\/WhatsApp-Image-2026-04-29-at-15.52.15-1.jpeg 1600w\" sizes=\"auto, (max-width: 1024px) 100vw, 1024px\" \/><\/figure>\n","protected":false},"excerpt":{"rendered":"<p>A photo recap of the visit organized on April 28, 2026, as part of the partnership between ONCF, the MTI Cluster, and Arts &amp; M\u00e9tiers Campus Rabat. Our team was pleased to welcome a joint delegation from Arts &amp; M\u00e9tiers France and Arts &amp; M\u00e9tiers Campus Rabat for an immersive visit to the IFF, marked<\/p>\n","protected":false},"author":3,"featured_media":11027,"comment_status":"open","ping_status":"open","sticky":false,"template":"","format":"standard","meta":{"footnotes":""},"categories":[1218],"tags":[],"yst_prominent_words":[1489,1497,161,1486,1485,528,589,2910],"class_list":["post-11029","post","type-post","status-publish","format-standard","has-post-thumbnail","hentry","category-news"],"aioseo_notices":[],"_links":{"self":[{"href":"https:\/\/www.iff-ma.com\/en\/wp-json\/wp\/v2\/posts\/11029","targetHints":{"allow":["GET"]}}],"collection":[{"href":"https:\/\/www.iff-ma.com\/en\/wp-json\/wp\/v2\/posts"}],"about":[{"href":"https:\/\/www.iff-ma.com\/en\/wp-json\/wp\/v2\/types\/post"}],"author":[{"embeddable":true,"href":"https:\/\/www.iff-ma.com\/en\/wp-json\/wp\/v2\/users\/3"}],"replies":[{"embeddable":true,"href":"https:\/\/www.iff-ma.com\/en\/wp-json\/wp\/v2\/comments?post=11029"}],"version-history":[{"count":2,"href":"https:\/\/www.iff-ma.com\/en\/wp-json\/wp\/v2\/posts\/11029\/revisions"}],"predecessor-version":[{"id":11032,"href":"https:\/\/www.iff-ma.com\/en\/wp-json\/wp\/v2\/posts\/11029\/revisions\/11032"}],"wp:featuredmedia":[{"embeddable":true,"href":"https:\/\/www.iff-ma.com\/en\/wp-json\/wp\/v2\/media\/11027"}],"wp:attachment":[{"href":"https:\/\/www.iff-ma.com\/en\/wp-json\/wp\/v2\/media?parent=11029"}],"wp:term":[{"taxonomy":"category","embeddable":true,"href":"https:\/\/www.iff-ma.com\/en\/wp-json\/wp\/v2\/categories?post=11029"},{"taxonomy":"post_tag","embeddable":true,"href":"https:\/\/www.iff-ma.com\/en\/wp-json\/wp\/v2\/tags?post=11029"},{"taxonomy":"yst_prominent_words","embeddable":true,"href":"https:\/\/www.iff-ma.com\/en\/wp-json\/wp\/v2\/yst_prominent_words?post=11029"}],"curies":[{"name":"wp","href":"https:\/\/api.w.org\/{rel}","templated":true}]}}